{"id":24263,"date":"2009-01-21T11:45:00","date_gmt":"2009-01-21T15:45:00","guid":{"rendered":"http:\/\/communio.stblogs.org\/index.php\/2009\/01\/saint-agnes\/"},"modified":"2014-01-06T16:08:46","modified_gmt":"2014-01-06T20:08:46","slug":"saint-agnes","status":"publish","type":"post","link":"https:\/\/communio.stblogs.org\/index.php\/2009\/01\/saint-agnes\/","title":{"rendered":"Saint Agnes"},"content":{"rendered":"<p><a href=\"https:\/\/communio.stblogs.org\/wp-content\/uploads\/2009\/01\/St-Agnes.jpg\"><img loading=\"lazy\" decoding=\"async\" class=\"size-medium wp-image-30049 alignright\" alt=\"St Agnes\" src=\"https:\/\/communio.stblogs.org\/wp-content\/uploads\/2009\/01\/St-Agnes-199x300.jpg\" width=\"199\" height=\"300\" srcset=\"https:\/\/communio.stblogs.org\/wp-content\/uploads\/2009\/01\/St-Agnes-199x300.jpg 199w, https:\/\/communio.stblogs.org\/wp-content\/uploads\/2009\/01\/St-Agnes.jpg 249w\" sizes=\"(max-width: 199px) 100vw, 199px\" \/><\/a>Agnes beat<span style=\"font-family: 'Times New Roman';\">\u00e6<\/span> virginis<br \/>\nnatalis est, quo spiritum<br \/>\nc<span style=\"font-family: 'Times New Roman';\">\u00e6<\/span>lo refudit debitum<br \/>\npio sacrata sanguine.<\/p>\n<p>Matura martyrio fuit<br \/>\nmatura nondum nuptiis;<br \/>\nprodire quis nuptum putet,<br \/>\nsic l<span style=\"font-family: 'Times New Roman';\">\u00e6<\/span>ta vultu ducitur.<\/p>\n<p>Aras nefandi numinis<br \/>\nadolere t<span style=\"font-family: 'Times New Roman';\">\u00e6<\/span>dis cogitur;<br \/>\nrespondet: \u00abHaud tales faces<br \/>\nsumpsere Christi virgines.<\/p>\n<p>Hic ignis exstinguit fidem,<br \/>\nh<span style=\"font-family: 'Times New Roman';\">\u00e6<\/span>c flamma lumen eripit;<br \/>\nhic, hic ferite, ut profluo<br \/>\ncruore restinguam focos\u00bb.<\/p>\n<p>Percussa quam pompam tulit!<br \/>\nNam veste se totam tegens,<br \/>\nterram genu flexo petit<br \/>\nlapsu verecundo cadens.<\/p>\n<p>Iesu, tibi sit gloria,<br \/>\nqui natus es de Virgine,<br \/>\ncum Patre et almo Spiritu,in sempiterna s<span style=\"font-family: 'Times New Roman';\">\u00e6<\/span>cula.\u00a0(Saint Ambrose)<\/p>\n<p>&nbsp;<\/p>\n<p><em>Almighty and eternal God, Who did choose the weak things of the world to confound the strong, mercifully grant, that we who celebrate the solemnity of blessed Agnes, Thy Virgin and Martyr, may experience her intercession with Thee.<\/em><\/p>\n<p><a href=\"https:\/\/communio.stblogs.org\/Lamb1.jpg\"><img loading=\"lazy\" decoding=\"async\" class=\"mt-image-right\" style=\"float: right; margin: 0px 0px 20px 20px;\" alt=\"Lamb1.jpg\" src=\"https:\/\/communio.stblogs.org\/Lamb1-thumb-200x266.jpg\" width=\"200\" height=\"266\" \/><\/a>The Church has remembered Saint Anges, who died in 305, since 354 in the sacred Liturgy, poetry and art. This ancient feast retains a custom of blessing of the wool of two lambs brought to the pope from the Trappist Abbey of Tre Fontane. The wool from the lambs is given to the nuns to weave the pallia. The pallia spend some time at the relics of Saint Peter below the main altar of Saint Peter&#8217;s Basilica showing a special unity between the Pontiff and the archbishop. The pallium is a white woolen band embroidered with six black crosses worn over the shoulders and has two hanging pieces, front and back. Since the 9th century, the pallium has wider use and is worn by the pope and by metropolitan archbishops symbolizing authority and expresses the special bond of unity between the archbishop and the Roman Pontiff. Pallia are given, upon request from by the metropolitan archbishops on the Solemnity of Saint Peter and Paul by the pope. The pallium is worn by the archbishop in his diocese and when necessary, in the other diocese in the Metropolitanate and is generally worn only for significant ecclesial events like the blessing of Chrism, ordinations, consecration of altars and not for daily and Sunday Mass.<\/p>\n","protected":false},"excerpt":{"rendered":"<p>Agnes beat\u00e6 virginis natalis est, quo spiritum c\u00e6lo refudit debitum pio sacrata sanguine. Matura martyrio fuit matura nondum nuptiis; prodire quis nuptum putet, sic l\u00e6ta vultu ducitur. Aras nefandi numinis adolere t\u00e6dis cogitur; respondet: \u00abHaud tales faces sumpsere Christi virgines. Hic ignis exstinguit fidem, h\u00e6c flamma lumen eripit; hic, hic ferite, ut profluo cruore restinguam &hellip; <a href=\"https:\/\/communio.stblogs.org\/index.php\/2009\/01\/saint-agnes\/\" class=\"more-link\">Continue reading <span class=\"screen-reader-text\">Saint Agnes<\/span><\/a><\/p>\n","protected":false},"author":2,"featured_media":0,"comment_status":"open","ping_status":"closed","sticky":false,"template":"","format":"standard","meta":{"footnotes":""},"categories":[2],"tags":[31971,1928],"_links":{"self":[{"href":"https:\/\/communio.stblogs.org\/index.php\/wp-json\/wp\/v2\/posts\/24263"}],"collection":[{"href":"https:\/\/communio.stblogs.org\/index.php\/wp-json\/wp\/v2\/posts"}],"about":[{"href":"https:\/\/communio.stblogs.org\/index.php\/wp-json\/wp\/v2\/types\/post"}],"author":[{"embeddable":true,"href":"https:\/\/communio.stblogs.org\/index.php\/wp-json\/wp\/v2\/users\/2"}],"replies":[{"embeddable":true,"href":"https:\/\/communio.stblogs.org\/index.php\/wp-json\/wp\/v2\/comments?post=24263"}],"version-history":[{"count":2,"href":"https:\/\/communio.stblogs.org\/index.php\/wp-json\/wp\/v2\/posts\/24263\/revisions"}],"predecessor-version":[{"id":30050,"href":"https:\/\/communio.stblogs.org\/index.php\/wp-json\/wp\/v2\/posts\/24263\/revisions\/30050"}],"wp:attachment":[{"href":"https:\/\/communio.stblogs.org\/index.php\/wp-json\/wp\/v2\/media?parent=24263"}],"wp:term":[{"taxonomy":"category","embeddable":true,"href":"https:\/\/communio.stblogs.org\/index.php\/wp-json\/wp\/v2\/categories?post=24263"},{"taxonomy":"post_tag","embeddable":true,"href":"https:\/\/communio.stblogs.org\/index.php\/wp-json\/wp\/v2\/tags?post=24263"}],"curies":[{"name":"wp","href":"https:\/\/api.w.org\/{rel}","templated":true}]}}